[{"@context":"https:\/\/schema.org\/","@type":"Article","@id":"https:\/\/www.phonosolar.cz\/s-nosicem-kol-na-taznem-zarizeni-do-zapadnich-krkonos\/#Article","mainEntityOfPage":"https:\/\/www.phonosolar.cz\/s-nosicem-kol-na-taznem-zarizeni-do-zapadnich-krkonos\/","headline":"S nosi\u010dem kol na ta\u017en\u00e9m za\u0159\u00edzen\u00ed do z\u00e1padn\u00edch Krkono\u0161","name":"S nosi\u010dem kol na ta\u017en\u00e9m za\u0159\u00edzen\u00ed do z\u00e1padn\u00edch Krkono\u0161","description":"V sou\u010dasn\u00e9 \u201ekoronavirov\u00e9\u201c dob\u011b roste z\u00e1jem o tuzemsk\u00e9 cestov\u00e1n\u00ed a pobyty. Cestovn\u00ed kancel\u00e1\u0159e si \u00fadajn\u011b st\u011b\u017euj\u00ed, \u017ee nemaj\u00ed takov\u00fd p\u0159\u00edliv klient\u016f, jak\u00fd o\u010dek\u00e1vali, a nen\u00ed divu, v\u017edy\u0165 \u0159ada lid\u00ed m\u016f\u017ee d\u00edky tomu p\u0159ehodnotit sv\u016fj \u017eivot, sv\u00e9 priority, a zjistit, \u017ee u n\u00e1s je tak\u00e9 kr\u00e1sn\u011b, a \u017ee nen\u00ed nutn\u00e9 dodr\u017eet program z\u00e1bavy, kter\u00fd v\u00e1m vytvo\u0159\u00ed","datePublished":"2021-05-15","dateModified":"2023-05-04","author":{"@type":"Person","@id":"https:\/\/www.phonosolar.cz\/author\/#Person","name":"","url":"https:\/\/www.phonosolar.cz\/author\/","identifier":1,"image":{"@type":"ImageObject","@id":"https:\/\/secure.gravatar.com\/avatar\/82449f5dd313bdc88befc1a2d3138ce45c5e7d5eeee84221e3cf7fbc184b80d3?s=96&d=mm&r=g","url":"https:\/\/secure.gravatar.com\/avatar\/82449f5dd313bdc88befc1a2d3138ce45c5e7d5eeee84221e3cf7fbc184b80d3?s=96&d=mm&r=g","height":96,"width":96}},"publisher":{"@type":"Organization","name":"phonosolar.cz","logo":{"@type":"ImageObject","@id":"\/logo.png","url":"\/logo.png","width":600,"height":60}},"image":{"@type":"ImageObject","@id":"https:\/\/www.phonosolar.cz\/wp-content\/uploads\/na%20hor%C3%A1ch%20na%20kolech.jpg","url":"https:\/\/www.phonosolar.cz\/wp-content\/uploads\/na%20hor%C3%A1ch%20na%20kolech.jpg","height":0,"width":0},"url":"https:\/\/www.phonosolar.cz\/s-nosicem-kol-na-taznem-zarizeni-do-zapadnich-krkonos\/","about":["Zbo\u017e\u00ed"],"wordCount":419,"articleBody":"         V sou\u010dasn\u00e9 \u201ekoronavirov\u00e9\u201c dob\u011b roste z\u00e1jem o tuzemsk\u00e9 cestov\u00e1n\u00ed a pobyty. Cestovn\u00ed kancel\u00e1\u0159e si \u00fadajn\u011b st\u011b\u017euj\u00ed, \u017ee nemaj\u00ed takov\u00fd p\u0159\u00edliv klient\u016f, jak\u00fd o\u010dek\u00e1vali, a nen\u00ed divu, v\u017edy\u0165 \u0159ada lid\u00ed m\u016f\u017ee d\u00edky tomu p\u0159ehodnotit sv\u016fj \u017eivot, sv\u00e9 priority, a zjistit, \u017ee u n\u00e1s je tak\u00e9 kr\u00e1sn\u011b, a \u017ee nen\u00ed nutn\u00e9 dodr\u017eet program z\u00e1bavy, kter\u00fd v\u00e1m vytvo\u0159\u00ed provozovatel cestovky.Vlastn\u00ed program s vlastn\u00edm ubytov\u00e1n\u00edm je dnes to, co m\u00e1 zelenou. V\u00fdhodu maj\u00ed ti, co maj\u00ed k dispozici ta\u017en\u00e9 za\u0159\u00edzen\u00ed, lze jej vyu\u017e\u00edt pro p\u0159ipojen\u00ed karavanu a st\u00e1le \u010dast\u011bji i pro p\u0159ev\u00e1\u017een\u00ed j\u00edzdn\u00edch kol nebo elektrokol. Cyklistika je jeden z nejmasov\u011bj\u0161\u00edch sport\u016f v na\u0161\u00ed zemi u\u017e jen proto, \u017ee nevy\u017eaduje takovou n\u00e1mahu, jako silov\u00e9 sporty, atletick\u00e9 discipl\u00edny, tenis, fotbal, hokej a podobn\u00e9 n\u00e1ro\u010dn\u00e9 aktivity. Na kole m\u016f\u017eete jezdit docela pohodln\u011b pod\u00e9l \u0159ek a rybn\u00edk\u016f na T\u0159ebo\u0148sku a m\u016f\u017eete napl\u00e1novat i j\u00edzdu z kopce z hor do \u00fadol\u00ed, nap\u0159. na \u0160umav\u011b, kde jsou k tomu vhodn\u00e9 podm\u00ednky. Nemus\u00edte nutn\u011b \u0161lapat do kopc\u016f a na kole mohou v n\u011bkter\u00fdch oblastech jezdit i mal\u00e9 d\u011bti.A kam se s nosi\u010dem na kola na ta\u017en\u00e9 za\u0159\u00edzen\u00ed vydat, aby v\u00e1s to bavilo, a byli jste mimo p\u0159elidn\u011bnou oblast, stranou od zbyte\u010dn\u00fdch probl\u00e9m\u016f a mezilidsk\u00fdch konflikt\u016f?Vyzkou\u0161ejte v z\u00e1padn\u00edch Krkono\u0161\u00edch v letn\u00edm obdob\u00ed pohostinnost Harrachova a Rokytnice nad Jizerou. Ubytovat se m\u016f\u017eete na obou m\u00edstech, odd\u011bluje je od sebe osada Ry\u017eovi\u0161t\u011b, \u010certova hora a hora Studen\u00e1. Na kole se m\u016f\u017eete pohybovat v \u00fadol\u00ed nebo podniknout v\u00fdlet k Voseck\u00e9 a Labsk\u00e9 boud\u011b. Nem\u011bli byste si nechat uj\u00edt Mumlavsk\u00e9 vodop\u00e1dy a m\u016f\u017eeme v\u00e1m doporu\u010dit i vyhl\u00eddku na panorama okoln\u00ed krajiny z Harrachova &#8211; M\u00fdtin, z rozhledny \u0160t\u011bp\u00e1nka nad Ko\u0159enovem a \u00fachvatn\u00fd pohled na Jizersk\u00e9 hory z osady Jizerka nebo v okol\u00ed p\u0159ehrady Sou\u0161.J\u00edzdn\u00ed kola m\u016f\u017eete na nosi\u010di na ta\u017en\u00e9m za\u0159\u00edzen\u00ed p\u0159ev\u00e1\u017eet velmi pohodln\u011b a flexibiln\u011b, a to i v hor\u00e1ch, ani\u017e byste byli p\u0159\u00edli\u0161 vys\u00edlen\u00ed a unaven\u00ed. Jizersk\u00e9 hory a z\u00e1padn\u00ed Krkono\u0161e nab\u00edz\u00ed celou \u0159adu takov\u00fdch cyklotras.                                                                                                                                                                                                                                                                                                                                                                                          4\/5 - (6 votes)        "},{"@context":"https:\/\/schema.org\/","@type":"BreadcrumbList","itemListElement":[{"@type":"ListItem","position":1,"name":"S nosi\u010dem kol na ta\u017en\u00e9m za\u0159\u00edzen\u00ed do z\u00e1padn\u00edch Krkono\u0161","item":"https:\/\/www.phonosolar.cz\/s-nosicem-kol-na-taznem-zarizeni-do-zapadnich-krkonos\/#breadcrumbitem"}]}]