[{"@context":"https:\/\/schema.org\/","@type":"Article","@id":"https:\/\/www.phonosolar.cz\/zip-sacky-na-vylete-v-prirode\/#Article","mainEntityOfPage":"https:\/\/www.phonosolar.cz\/zip-sacky-na-vylete-v-prirode\/","headline":"Zip s\u00e1\u010dky na v\u00fdlet\u011b v p\u0159\u00edrod\u011b","name":"Zip s\u00e1\u010dky na v\u00fdlet\u011b v p\u0159\u00edrod\u011b","description":"Turistika je v \u010cesku a na Slovensku nesm\u00edrn\u011b obl\u00edben\u00e1 vzhledem k mnohalet\u00e9 tradici, kter\u00e1 se je\u0161t\u011b v\u00e1\u017ee ke spole\u010dn\u00e9mu st\u00e1tu \u010cech\u016f a Slov\u00e1k\u016f. \u010ce\u0161i r\u00e1di cestovali do N\u00edzk\u00fdch a Vysok\u00fdch Tater, na Malou a Velkou Fatru \u010di Vihorlat a Slov\u00e1ci naopak m\u00ed\u0159ili do Krkono\u0161, Beskyd, nebo na \u0160umavu. A pr\u00e1v\u011b poho\u0159\u00ed l\u00e1kaj\u00ed na\u0161ince nejv\u00edc, nebo\u0165","datePublished":"2021-02-17","dateModified":"2023-05-04","author":{"@type":"Person","@id":"https:\/\/www.phonosolar.cz\/author\/#Person","name":"","url":"https:\/\/www.phonosolar.cz\/author\/","identifier":1,"image":{"@type":"ImageObject","@id":"https:\/\/secure.gravatar.com\/avatar\/82449f5dd313bdc88befc1a2d3138ce45c5e7d5eeee84221e3cf7fbc184b80d3?s=96&d=mm&r=g","url":"https:\/\/secure.gravatar.com\/avatar\/82449f5dd313bdc88befc1a2d3138ce45c5e7d5eeee84221e3cf7fbc184b80d3?s=96&d=mm&r=g","height":96,"width":96}},"publisher":{"@type":"Organization","name":"phonosolar.cz","logo":{"@type":"ImageObject","@id":"\/logo.png","url":"\/logo.png","width":600,"height":60}},"image":{"@type":"ImageObject","@id":"https:\/\/www.phonosolar.cz\/wp-content\/uploads\/obl%C3%ADben%C3%A1%20turistika.jpg","url":"https:\/\/www.phonosolar.cz\/wp-content\/uploads\/obl%C3%ADben%C3%A1%20turistika.jpg","height":0,"width":0},"url":"https:\/\/www.phonosolar.cz\/zip-sacky-na-vylete-v-prirode\/","about":["Zbo\u017e\u00ed"],"wordCount":431,"articleBody":"       Turistika je v \u010cesku a na Slovensku nesm\u00edrn\u011b obl\u00edben\u00e1 vzhledem k mnohalet\u00e9 tradici, kter\u00e1 se je\u0161t\u011b v\u00e1\u017ee ke spole\u010dn\u00e9mu st\u00e1tu \u010cech\u016f a Slov\u00e1k\u016f. \u010ce\u0161i r\u00e1di cestovali do N\u00edzk\u00fdch a Vysok\u00fdch Tater, na Malou a Velkou Fatru \u010di Vihorlat a Slov\u00e1ci naopak m\u00ed\u0159ili do Krkono\u0161, Beskyd, nebo na \u0160umavu. A pr\u00e1v\u011b poho\u0159\u00ed l\u00e1kaj\u00ed na\u0161ince nejv\u00edc, nebo\u0165 je tu \u010dist\u00fd vzduch, dalek\u00e9 rozhledy, \u017e\u00e1dn\u00e9 pobl\u00e1zn\u011bn\u00e9 davy v n\u00e1kupn\u00edch centrech a v sou\u010dasn\u00e9 dob\u011b i minim\u00e1ln\u00ed riziko n\u00e1kazy Covidem-19.Mapa je z\u00e1kladn\u00ed vybaven\u00edSpol\u00e9hat se na mobiln\u00ed telefon, i kdy\u017e m\u00e1te s sebou n\u011bkolik powerbank, je po\u0161etil\u00e9. To v\u00e1m potvrd\u00ed ka\u017ed\u00fd, komu selhal mobil ve chv\u00edli, kdy to nejm\u00e9n\u011b o\u010dek\u00e1val. Pap\u00edrov\u00e1 mapa je zkr\u00e1tka s\u00e1zka na jistotu a v hor\u00e1ch to plat\u00ed dvojn\u00e1sob. Rozm\u00e1\u010den\u00e1 mapa v\u00e1m ale nebude k ni\u010demu, zvl\u00e1\u0161t\u011b pot\u0159ebujete-li si ji rozlo\u017eit a p\u0159ekl\u00e1dat, tak\u017ee se v\u00e1m mokr\u00e9 p\u0159eklady mohou i roztrhnout. Zku\u0161en\u00ed horalov\u00e9 v\u00e1m potvrd\u00ed, \u017ee se vypl\u00e1c\u00ed ji vkl\u00e1dat do s\u00e1\u010dku se zipem a m\u00edt pro jistotu je\u0161t\u011b jednu rezervn\u00ed, uvnit\u0159 s\u00e1\u010dku je v bezpe\u010d\u00ed a m\u016f\u017eete ji m\u00edt zav\u011b\u0161enou na batohu nebo v kapse bundy st\u00e1le p\u0159i ruce.Nemus\u00edte na mobil nutn\u011b zanev\u0159\u00edt, m\u016f\u017ee v\u00e1m pom\u00e1hat a mapu zastoupit, ale op\u011bt byste jej m\u011bli m\u00edt zabezpe\u010den\u00fd p\u0159ed pr\u016fnikem vlhkosti. A k tomu se zipov\u00e9 s\u00e1\u010dky v\u00fdborn\u011b hod\u00ed v\u017edy, venku v p\u0159\u00edrod\u011b se mohou vyskytnout nep\u0159edv\u00eddateln\u00e9 situace a citliv\u00e1 elektronika nen\u00ed v takov\u00e9 chv\u00edli asertivn\u00ed. Nic v\u00e1m neodpust\u00ed a prost\u011b p\u0159estane fungovat.A co toaletn\u00ed pap\u00edr, ubrousky, kapesn\u00edky? M\u00e1te je zabalen\u00e9 v s\u00e1\u010dku s uzav\u00edrac\u00edm zipem, anebo se domn\u00edv\u00e1te, \u017ee do igelitov\u00e9ho pytl\u00edku bez uzav\u00edr\u00e1n\u00ed v batohu voda p\u0159ece nem\u016f\u017ee proniknout? Vsa\u010fte rad\u011bji na jistotu, zip s\u00e1\u010dek je za p\u00e1r korun a rozm\u00e1\u010den\u00fd toaletn\u00ed pap\u00edr v p\u0159\u00edrod\u011b \u2013 to se m\u016f\u017eete dostat do situace, jakou zachytili tv\u016frci filmu \u201eS tebou m\u011b bav\u00ed sv\u011bt\u201c, kdy Pavel Nov\u00fd tvrd\u00ed sv\u00e9mu synovi uprost\u0159ed sn\u011bhov\u00fdch z\u00e1v\u011bj\u00ed, \u017ee \u201elopuch tu nen\u00ed\u201c a bere do ruky smrkov\u00e9 jehli\u010d\u00ed.                                                                                                                                                                                                                                                                                                                                                                                          3.7\/5 - (4 votes)        "},{"@context":"https:\/\/schema.org\/","@type":"BreadcrumbList","itemListElement":[{"@type":"ListItem","position":1,"name":"Zip s\u00e1\u010dky na v\u00fdlet\u011b v p\u0159\u00edrod\u011b","item":"https:\/\/www.phonosolar.cz\/zip-sacky-na-vylete-v-prirode\/#breadcrumbitem"}]}]